{"id":2511,"date":"2026-04-24T10:23:16","date_gmt":"2026-04-24T08:23:16","guid":{"rendered":"https:\/\/atlante.design\/?p=2511"},"modified":"2026-04-24T10:25:44","modified_gmt":"2026-04-24T08:25:44","slug":"april-2026-milan-design-week-2","status":"publish","type":"post","link":"https:\/\/atlante.design\/es\/april-2026-milan-design-week-2\/","title":{"rendered":"Abril de 2026 \u2013 Semana del Dise\u00f1o de Mil\u00e1n\u00a0"},"content":{"rendered":"<h2 class=\"wp-block-heading\">Se acerca la Semana del Dise\u00f1o de Mil\u00e1n.<br>\u00a1Reserva la fecha y descubre los proyectos de las marcas de dise\u00f1o de ATLANTE por toda la ciudad!<\/h2>\n\n\n\n<p><strong><em>Del 20 al 26 de abril de 2026<\/em><\/strong><\/p>\n\n\n\n<figure class=\"wp-block-image aligncenter size-full\"><img fetchpriority=\"high\" decoding=\"async\" width=\"726\" height=\"1024\" src=\"https:\/\/atlante.design\/wp-content\/uploads\/2026\/04\/2.jpg\" alt=\"\" class=\"wp-image-2455\" srcset=\"https:\/\/atlante.design\/wp-content\/uploads\/2026\/04\/2.jpg 726w, https:\/\/atlante.design\/wp-content\/uploads\/2026\/04\/2-213x300.jpg 213w, https:\/\/atlante.design\/wp-content\/uploads\/2026\/04\/2-9x12.jpg 9w\" sizes=\"(max-width: 726px) 100vw, 726px\" \/><\/figure>\n\n\n\n<p><strong>De Marchi Verona<\/strong><\/p>\n\n\n\n<p><em>Con motivo de la Semana del Dise\u00f1o de Mil\u00e1n 2026, De Marchi Verona presenta en Brera un nuevo cap\u00edtulo en su investigaci\u00f3n sobre porcelana arquitect\u00f3nica. Un di\u00e1logo entre historia y contemporaneidad: <\/em><strong><em>la reedici\u00f3n de Montedoria de Gio Ponti<\/em><\/strong><em> el proyecto y el <\/em><strong><em>nuevas colecciones de Monica Armani,<\/em><\/strong><em> Concebida para redefinir la relaci\u00f3n entre superficie, luz y espacio.<\/em><\/p>\n\n\n\n<div style=\"height:10px\" aria-hidden=\"true\" class=\"wp-block-spacer\"><\/div>\n\n\n\n<p><em>V\u00eda Palermo 1, Mil\u00e1n<\/em><\/p>\n\n\n\n<figure class=\"wp-block-image size-large is-resized\"><img decoding=\"async\" width=\"726\" height=\"1024\" src=\"https:\/\/atlante.design\/wp-content\/uploads\/2026\/04\/image003-726x1024.gif\" alt=\"\" class=\"wp-image-2223\" style=\"width:726px;height:auto\" srcset=\"https:\/\/atlante.design\/wp-content\/uploads\/2026\/04\/image003-726x1024.gif 726w, https:\/\/atlante.design\/wp-content\/uploads\/2026\/04\/image003-213x300.gif 213w, https:\/\/atlante.design\/wp-content\/uploads\/2026\/04\/image003-768x1083.gif 768w, https:\/\/atlante.design\/wp-content\/uploads\/2026\/04\/image003-1090x1536.gif 1090w, https:\/\/atlante.design\/wp-content\/uploads\/2026\/04\/image003-1453x2048.gif 1453w, https:\/\/atlante.design\/wp-content\/uploads\/2026\/04\/image003-9x12.gif 9w\" sizes=\"(max-width: 726px) 100vw, 726px\" \/><\/figure>\n\n\n\n<div style=\"height:0px\" aria-hidden=\"true\" class=\"wp-block-spacer\"><\/div>\n\n\n\n<div style=\"height:50px\" aria-hidden=\"true\" class=\"wp-block-spacer\"><\/div>\n\n\n\n<p><strong>Dante Negro<\/strong><\/p>\n\n\n\n<div style=\"height:10px\" aria-hidden=\"true\" class=\"wp-block-spacer\"><\/div>\n\n\n\n<p><em>\u201c<\/em><strong><em>\u201dCrafting Forward\u201d, una instalaci\u00f3n de Valcucine.<br><\/em><\/strong><em>En la sala de exposiciones de Brera, el proyecto explora la convergencia entre la innovaci\u00f3n industrial y la artesan\u00eda contempor\u00e1nea, donde la personalizaci\u00f3n, el pensamiento inteligente y la cultura del dise\u00f1o transforman el arte de la fabricaci\u00f3n en un sistema, configurando una nueva idea de la cocina como un ecosistema en constante evoluci\u00f3n. La instalaci\u00f3n entabla un di\u00e1logo entre artesan\u00eda y tecnolog\u00eda sin oposici\u00f3n, fomentando la colaboraci\u00f3n con empresas manufactureras y talleres que comparten la misma cultura de la fabricaci\u00f3n.<\/em><\/p>\n\n\n\n<div style=\"height:10px\" aria-hidden=\"true\" class=\"wp-block-spacer\"><\/div>\n\n\n\n<p><em>VALCUCINA, Corso Garibaldi 99, Mil\u00e1n<\/em><\/p>\n\n\n\n<div style=\"height:30px\" aria-hidden=\"true\" class=\"wp-block-spacer\"><\/div>\n\n\n\n<p><strong><em>\u201cM\u00e1s all\u00e1 de la uniformidad\u201d de C\u00e9sar<\/em><\/strong><\/p>\n\n\n\n<div style=\"height:10px\" aria-hidden=\"true\" class=\"wp-block-spacer\"><\/div>\n\n\n\n<p><em>Una instalaci\u00f3n que explora la individualidad, la expresi\u00f3n material y la belleza del dise\u00f1o no estandarizado.<\/em><\/p>\n\n\n\n<p><em>Para esta edici\u00f3n, <\/em><strong><em>Dante Negro<\/em><\/strong><em> es un socio destacado, que muestra el <\/em><strong><em>Dolmen<\/em><\/strong><em> colecci\u00f3n dise\u00f1ada por <\/em><strong><em>Margarita Rui<\/em><\/strong><em>\u2014 Un di\u00e1logo escult\u00f3rico entre la artesan\u00eda, la investigaci\u00f3n de materiales y la vida contempor\u00e1nea. Las piezas se integran a la perfecci\u00f3n en la narrativa de C\u00e9sar, resaltando el potencial expresivo de la forma y la textura.<\/em><\/p>\n\n\n\n<div style=\"height:10px\" aria-hidden=\"true\" class=\"wp-block-spacer\"><\/div>\n\n\n\n<p><em>CESAR FLAGSHIP STORE, Via Larga 23, Milan<\/em><\/p>\n\n\n\n<div style=\"height:30px\" aria-hidden=\"true\" class=\"wp-block-spacer\"><\/div>\n\n\n\n<figure class=\"wp-block-image size-full\"><img decoding=\"async\" width=\"726\" height=\"1024\" src=\"https:\/\/atlante.design\/wp-content\/uploads\/2026\/04\/5.jpg\" alt=\"\" class=\"wp-image-2454\" srcset=\"https:\/\/atlante.design\/wp-content\/uploads\/2026\/04\/5.jpg 726w, https:\/\/atlante.design\/wp-content\/uploads\/2026\/04\/5-213x300.jpg 213w, https:\/\/atlante.design\/wp-content\/uploads\/2026\/04\/5-9x12.jpg 9w\" sizes=\"(max-width: 726px) 100vw, 726px\" \/><\/figure>\n\n\n\n<div style=\"height:50px\" aria-hidden=\"true\" class=\"wp-block-spacer\"><\/div>\n\n\n\n<p><strong>Ninefifty<\/strong><\/p>\n\n\n\n<div style=\"height:10px\" aria-hidden=\"true\" class=\"wp-block-spacer\"><\/div>\n\n\n\n<p>Entre los aspectos m\u00e1s destacados del Fuorisalone de este a\u00f1o, Ninefifty estar\u00e1 presente con sus superficies de piedra volc\u00e1nica pintadas a mano y sus piezas de terracota hechas a mano en dos ubicaciones excepcionales.<\/p>\n\n\n\n<p>De <strong>Del 19 al 26 de abril<\/strong>, encontrar\u00e1s Ninefifty:<\/p>\n\n\n\n<ul class=\"wp-block-list\">\n<li><strong>En L&#039;Appartamento de Artemest<\/strong>, dentro del Palazzo Donizetti, donde dos mostradores consola dar\u00e1n la bienvenida a los visitantes en el vest\u00edbulo, exhibiendo las \u00faltimas colecciones de <strong>Studiotamat<\/strong> y <strong>Arianna De Luca<\/strong>.<\/li>\n\n\n\n<li><strong>En el Palazzo Crivelli<\/strong>, dentro del <em>Por Rep\u00fablica<\/em> exposici\u00f3n, que presenta dos barras de bar instaladas en el jard\u00edn y dise\u00f1adas por <strong>Margarita Rui<\/strong>, <strong>Studiotamat<\/strong> y <strong>Arianna De Luca<\/strong>, as\u00ed como una sala completa comisariada por <strong>Elisa Ossino<\/strong>.<\/li>\n<\/ul>\n\n\n\n<p>Estas instalaciones ofrecen una visi\u00f3n general refinada del enfoque artesanal de Ninefifty y su di\u00e1logo con el dise\u00f1o contempor\u00e1neo.<\/p>\n\n\n\n<div style=\"height:10px\" aria-hidden=\"true\" class=\"wp-block-spacer\"><\/div>\n\n\n\n<p><em>Via Gaetano Donizetti 48, Mil\u00e1n<br>Via Pontaccio 12, Mil\u00e1n<\/em><\/p>\n\n\n\n<div style=\"height:30px\" aria-hidden=\"true\" class=\"wp-block-spacer\"><\/div>\n\n\n\n<figure class=\"wp-block-image size-full\"><img loading=\"lazy\" decoding=\"async\" width=\"726\" height=\"1024\" src=\"https:\/\/atlante.design\/wp-content\/uploads\/2026\/04\/1.jpg\" alt=\"\" class=\"wp-image-2452\" srcset=\"https:\/\/atlante.design\/wp-content\/uploads\/2026\/04\/1.jpg 726w, https:\/\/atlante.design\/wp-content\/uploads\/2026\/04\/1-213x300.jpg 213w, https:\/\/atlante.design\/wp-content\/uploads\/2026\/04\/1-9x12.jpg 9w\" sizes=\"(max-width: 726px) 100vw, 726px\" \/><\/figure>\n\n\n\n<div style=\"height:30px\" aria-hidden=\"true\" class=\"wp-block-spacer\"><\/div>\n\n\n\n<p><strong>Giovanni Botticelli<\/strong><\/p>\n\n\n\n<div style=\"height:10px\" aria-hidden=\"true\" class=\"wp-block-spacer\"><\/div>\n\n\n\n<p><em>Entre los eventos del distrito de dise\u00f1o de Porta Venezia <\/em><strong><em>Giovanni Botticelli presentar\u00e1 algunas piezas nacidas de una colaboraci\u00f3n dentro de L&#039;Appartamento by Artemest, ubicado en el Palazzo Donizetti, <\/em><\/strong><em>donde dise\u00f1adores internacionales y dise\u00f1adores de interiores reinterpretan los espacios de una residencia milanesa a trav\u00e9s de una selecci\u00f3n de muebles, iluminaci\u00f3n y objetos elaborados por maestros artesanos italianos, ofreciendo una interpretaci\u00f3n contempor\u00e1nea de la herencia manufacturera del pa\u00eds.<\/em><\/p>\n\n\n\n<div style=\"height:10px\" aria-hidden=\"true\" class=\"wp-block-spacer\"><\/div>\n\n\n\n<p><em>Via Gaetano Donizetti 48, Mil\u00e1n<\/em><\/p>\n\n\n\n<div style=\"height:30px\" aria-hidden=\"true\" class=\"wp-block-spacer\"><\/div>\n\n\n\n<p><strong>Giorgio Bena<\/strong><\/p>\n\n\n\n<div style=\"height:10px\" aria-hidden=\"true\" class=\"wp-block-spacer\"><\/div>\n\n\n\n<p><strong>El artesano Giorgio Bena presentar\u00e1 en dos lugares nuevos productos, ampliando su oficio m\u00e1s all\u00e1 del acero.<\/strong><\/p>\n\n\n\n<p><em>Un espacio totalmente nuevo para 2026 es el nuevo Superstudio Village, un espacio regenerado a partir de una f\u00e1brica en desuso y ahora transformado en un lugar para eventos. Ubicado en el barrio de Bovisa, <\/em><strong><em>Superstudio Village debuta con SuperPlayground, un programa dise\u00f1ado para j\u00f3venes dise\u00f1adores.<\/em><\/strong><em>, estudios emergentes y colectivos creativos<\/em><strong>.<\/strong><\/p>\n\n\n\n<div style=\"height:9px\" aria-hidden=\"true\" class=\"wp-block-spacer\"><\/div>\n\n\n\n<p><em>Via Michele Pericle Negrotto 59, Mil\u00e1n<\/em><\/p>\n\n\n\n<div style=\"height:30px\" aria-hidden=\"true\" class=\"wp-block-spacer\"><\/div>\n\n\n\n<p><strong><em>La Trattoria Altra Vista presenta el Bar Altra Vista en Le Cavallerizze, un fascinante antiguo establo, un edificio situado en el distrito 5VIE. <\/em><\/strong><em>El Bar Altra Vista, concebido como una extensi\u00f3n natural de la Trattoria Altra Vista, ampl\u00eda el proyecto piloto presentado el a\u00f1o pasado en el Palazzo Litta, mejorando sus capacidades comunicativas y experienciales.<\/em><\/p>\n\n\n\n<div style=\"height:10px\" aria-hidden=\"true\" class=\"wp-block-spacer\"><\/div>\n\n\n\n<p><em>V\u00eda Olona 4, Mil\u00e1n<\/em><\/p>\n\n\n\n<div style=\"height:30px\" aria-hidden=\"true\" class=\"wp-block-spacer\"><\/div>\n\n\n\n<figure class=\"wp-block-image size-full\"><img loading=\"lazy\" decoding=\"async\" width=\"726\" height=\"1024\" src=\"https:\/\/atlante.design\/wp-content\/uploads\/2026\/04\/4.jpg\" alt=\"\" class=\"wp-image-2453\" srcset=\"https:\/\/atlante.design\/wp-content\/uploads\/2026\/04\/4.jpg 726w, https:\/\/atlante.design\/wp-content\/uploads\/2026\/04\/4-213x300.jpg 213w, https:\/\/atlante.design\/wp-content\/uploads\/2026\/04\/4-9x12.jpg 9w\" sizes=\"(max-width: 726px) 100vw, 726px\" \/><\/figure>\n\n\n\n<div style=\"height:30px\" aria-hidden=\"true\" class=\"wp-block-spacer\"><\/div>\n\n\n\n<p><strong><em>CCONTINUA+MAMT for ALYSI<\/em><\/strong><\/p>\n\n\n\n<div style=\"height:10px\" aria-hidden=\"true\" class=\"wp-block-spacer\"><\/div>\n\n\n\n<p>Durante la Semana de la Moda de \u00c1msterdam (MDW), emerge un jard\u00edn subacu\u00e1tico en el interior de la tienda Alysi, comisariado por el d\u00fao afincado en \u00c1msterdam Chiara Caselli y Francesco Carrasso (CCONTINUA + MAMT).<\/p>\n\n\n\n<p>Jarrones habitados por sirenas se convierten en cuerpos porosos, superficies narrativas donde signos, olas y presencias toman forma. En colaboraci\u00f3n con Albasser Studio, la materia vegetal se libera de la gravedad y conforma un paisaje acu\u00e1tico: tallos que se elevan como respiraciones, p\u00e9talos que se abren lentamente, composiciones que flotan en el espacio.<\/p>\n\n\n\n<p>En las piezas de cer\u00e1mica decoradas, las composiciones florales toman forma como organismos en evoluci\u00f3n: flores solitarias, gestos minimalistas, estructuras ligeras que parecen flotar. Las formas y el espacio se funden entre s\u00ed, mientras que los elementos verticales se alzan como presencias silenciosas, como columnas de un templo sumergido o criaturas m\u00edsticas.<\/p>\n\n\n\n<p>Una invitaci\u00f3n a bajar el ritmo, a deambular por detalles fr\u00e1giles y movimientos sutiles.<\/p>\n\n\n\n<div style=\"height:10px\" aria-hidden=\"true\" class=\"wp-block-spacer\"><\/div>\n\n\n\n<p><em><a href=\"about:blank\">Boutique Alysi \u2013 Brera \u2013 Via Ponte Vetero 6, Mil\u00e1n<\/a><\/em><\/p>\n\n\n\n<div style=\"height:30px\" aria-hidden=\"true\" class=\"wp-block-spacer\"><\/div>\n\n\n\n<figure class=\"wp-block-image size-full\"><img loading=\"lazy\" decoding=\"async\" width=\"726\" height=\"1024\" src=\"https:\/\/atlante.design\/wp-content\/uploads\/2026\/04\/3.jpg\" alt=\"\" class=\"wp-image-2456\" srcset=\"https:\/\/atlante.design\/wp-content\/uploads\/2026\/04\/3.jpg 726w, https:\/\/atlante.design\/wp-content\/uploads\/2026\/04\/3-213x300.jpg 213w, https:\/\/atlante.design\/wp-content\/uploads\/2026\/04\/3-9x12.jpg 9w\" sizes=\"(max-width: 726px) 100vw, 726px\" \/><\/figure>\n\n\n\n<div style=\"height:30px\" aria-hidden=\"true\" class=\"wp-block-spacer\"><\/div>\n\n\n\n<p>Esperamos darle la bienvenida a Mil\u00e1n para una semana inolvidable.<\/p>\n\n\n\n<p>Mientras tanto, mantente al d\u00eda sigui\u00e9ndonos en Instagram o no dudes en contactarnos para cualquier informaci\u00f3n adicional.<\/p>\n\n\n\n<p>\u00a1Nos vemos pronto!<\/p>","protected":false},"excerpt":{"rendered":"<p>Milan Design week is approaching.Save the Date and check out the projects of ATLANTE design brands around town! April 20th \u2013 26th 2026 De Marchi Verona On the occasion of Milan Design Week 2026, De Marchi Verona presents in Brera a new chapter in its research on architectural porcelain. A dialogue between history and contemporaneity: [&hellip;]<\/p>\n","protected":false},"author":2,"featured_media":2448,"comment_status":"closed","ping_status":"closed","sticky":false,"template":"","format":"standard","meta":{"footnotes":""},"categories":[1],"tags":[],"class_list":["post-2511","post","type-post","status-publish","format-standard","has-post-thumbnail","hentry","category-blog"],"yoast_head":"<!-- This site is optimized with the Yoast SEO plugin v27.3 - https:\/\/yoast.com\/product\/yoast-seo-wordpress\/ -->\n<title>April 2026 - Milan Design Week\u00a0 - Atlante Design Agency<\/title>\n<meta name=\"robots\" content=\"index, follow, max-snippet:-1, max-image-preview:large, max-video-preview:-1\" \/>\n<link rel=\"canonical\" href=\"https:\/\/atlante.design\/es\/april-2026-milan-design-week-2\/\" \/>\n<meta property=\"og:locale\" content=\"es_ES\" \/>\n<meta property=\"og:type\" content=\"article\" \/>\n<meta property=\"og:title\" content=\"April 2026 - Milan Design Week\u00a0 - Atlante Design Agency\" \/>\n<meta property=\"og:description\" content=\"Milan Design week is approaching.Save the Date and check out the projects of ATLANTE design brands around town! April 20th \u2013 26th 2026 De Marchi Verona On the occasion of Milan Design Week 2026, De Marchi Verona presents in Brera a new chapter in its research on architectural porcelain. A dialogue between history and contemporaneity: [&hellip;]\" \/>\n<meta property=\"og:url\" content=\"https:\/\/atlante.design\/es\/april-2026-milan-design-week-2\/\" \/>\n<meta property=\"og:site_name\" content=\"Atlante Design Agency\" \/>\n<meta property=\"article:published_time\" content=\"2026-04-24T08:23:16+00:00\" \/>\n<meta property=\"article:modified_time\" content=\"2026-04-24T08:25:44+00:00\" \/>\n<meta property=\"og:image\" content=\"https:\/\/atlante.design\/wp-content\/uploads\/2026\/04\/Map-atlante-design-design-week.jpg\" \/>\n\t<meta property=\"og:image:width\" content=\"1080\" \/>\n\t<meta property=\"og:image:height\" content=\"1350\" \/>\n\t<meta property=\"og:image:type\" content=\"image\/jpeg\" \/>\n<meta name=\"author\" content=\"AdminAtlanteDesign\" \/>\n<meta name=\"twitter:card\" content=\"summary_large_image\" \/>\n<meta name=\"twitter:label1\" content=\"Escrito por\" \/>\n\t<meta name=\"twitter:data1\" content=\"AdminAtlanteDesign\" \/>\n\t<meta name=\"twitter:label2\" content=\"Tiempo de lectura\" \/>\n\t<meta name=\"twitter:data2\" content=\"5 minutos\" \/>\n<script type=\"application\/ld+json\" class=\"yoast-schema-graph\">{\"@context\":\"https:\\\/\\\/schema.org\",\"@graph\":[{\"@type\":\"Article\",\"@id\":\"https:\\\/\\\/atlante.design\\\/april-2026-milan-design-week-2\\\/#article\",\"isPartOf\":{\"@id\":\"https:\\\/\\\/atlante.design\\\/april-2026-milan-design-week-2\\\/\"},\"author\":{\"name\":\"AdminAtlanteDesign\",\"@id\":\"https:\\\/\\\/atlante.design\\\/#\\\/schema\\\/person\\\/091c53ee38bb5e93a49d3606695c1b24\"},\"headline\":\"April 2026 &#8211; Milan Design Week\u00a0\",\"datePublished\":\"2026-04-24T08:23:16+00:00\",\"dateModified\":\"2026-04-24T08:25:44+00:00\",\"mainEntityOfPage\":{\"@id\":\"https:\\\/\\\/atlante.design\\\/april-2026-milan-design-week-2\\\/\"},\"wordCount\":722,\"publisher\":{\"@id\":\"https:\\\/\\\/atlante.design\\\/#organization\"},\"image\":{\"@id\":\"https:\\\/\\\/atlante.design\\\/april-2026-milan-design-week-2\\\/#primaryimage\"},\"thumbnailUrl\":\"https:\\\/\\\/atlante.design\\\/wp-content\\\/uploads\\\/2026\\\/04\\\/Map-atlante-design-design-week.jpg\",\"articleSection\":[\"Blog\"],\"inLanguage\":\"es\"},{\"@type\":\"WebPage\",\"@id\":\"https:\\\/\\\/atlante.design\\\/april-2026-milan-design-week-2\\\/\",\"url\":\"https:\\\/\\\/atlante.design\\\/april-2026-milan-design-week-2\\\/\",\"name\":\"April 2026 - Milan Design Week\u00a0 - Atlante Design Agency\",\"isPartOf\":{\"@id\":\"https:\\\/\\\/atlante.design\\\/#website\"},\"primaryImageOfPage\":{\"@id\":\"https:\\\/\\\/atlante.design\\\/april-2026-milan-design-week-2\\\/#primaryimage\"},\"image\":{\"@id\":\"https:\\\/\\\/atlante.design\\\/april-2026-milan-design-week-2\\\/#primaryimage\"},\"thumbnailUrl\":\"https:\\\/\\\/atlante.design\\\/wp-content\\\/uploads\\\/2026\\\/04\\\/Map-atlante-design-design-week.jpg\",\"datePublished\":\"2026-04-24T08:23:16+00:00\",\"dateModified\":\"2026-04-24T08:25:44+00:00\",\"breadcrumb\":{\"@id\":\"https:\\\/\\\/atlante.design\\\/april-2026-milan-design-week-2\\\/#breadcrumb\"},\"inLanguage\":\"es\",\"potentialAction\":[{\"@type\":\"ReadAction\",\"target\":[\"https:\\\/\\\/atlante.design\\\/april-2026-milan-design-week-2\\\/\"]}]},{\"@type\":\"ImageObject\",\"inLanguage\":\"es\",\"@id\":\"https:\\\/\\\/atlante.design\\\/april-2026-milan-design-week-2\\\/#primaryimage\",\"url\":\"https:\\\/\\\/atlante.design\\\/wp-content\\\/uploads\\\/2026\\\/04\\\/Map-atlante-design-design-week.jpg\",\"contentUrl\":\"https:\\\/\\\/atlante.design\\\/wp-content\\\/uploads\\\/2026\\\/04\\\/Map-atlante-design-design-week.jpg\",\"width\":1080,\"height\":1350},{\"@type\":\"BreadcrumbList\",\"@id\":\"https:\\\/\\\/atlante.design\\\/april-2026-milan-design-week-2\\\/#breadcrumb\",\"itemListElement\":[{\"@type\":\"ListItem\",\"position\":1,\"name\":\"Portada\",\"item\":\"https:\\\/\\\/atlante.design\\\/\"},{\"@type\":\"ListItem\",\"position\":2,\"name\":\"April 2026 &#8211; Milan Design Week\u00a0\"}]},{\"@type\":\"WebSite\",\"@id\":\"https:\\\/\\\/atlante.design\\\/#website\",\"url\":\"https:\\\/\\\/atlante.design\\\/\",\"name\":\"Atlante Design Agency\",\"description\":\"Global Consulting &amp; Representation for Artists and Designers\",\"publisher\":{\"@id\":\"https:\\\/\\\/atlante.design\\\/#organization\"},\"potentialAction\":[{\"@type\":\"SearchAction\",\"target\":{\"@type\":\"EntryPoint\",\"urlTemplate\":\"https:\\\/\\\/atlante.design\\\/?s={search_term_string}\"},\"query-input\":{\"@type\":\"PropertyValueSpecification\",\"valueRequired\":true,\"valueName\":\"search_term_string\"}}],\"inLanguage\":\"es\"},{\"@type\":\"Organization\",\"@id\":\"https:\\\/\\\/atlante.design\\\/#organization\",\"name\":\"Atlante Design Agency\",\"url\":\"https:\\\/\\\/atlante.design\\\/\",\"logo\":{\"@type\":\"ImageObject\",\"inLanguage\":\"es\",\"@id\":\"https:\\\/\\\/atlante.design\\\/#\\\/schema\\\/logo\\\/image\\\/\",\"url\":\"https:\\\/\\\/atlante.design\\\/wp-content\\\/uploads\\\/2026\\\/01\\\/Nueva-propuesta-logo-Atlante.pdf.pdf.png\",\"contentUrl\":\"https:\\\/\\\/atlante.design\\\/wp-content\\\/uploads\\\/2026\\\/01\\\/Nueva-propuesta-logo-Atlante.pdf.pdf.png\",\"width\":1740,\"height\":856,\"caption\":\"Atlante Design Agency\"},\"image\":{\"@id\":\"https:\\\/\\\/atlante.design\\\/#\\\/schema\\\/logo\\\/image\\\/\"}},{\"@type\":\"Person\",\"@id\":\"https:\\\/\\\/atlante.design\\\/#\\\/schema\\\/person\\\/091c53ee38bb5e93a49d3606695c1b24\",\"name\":\"AdminAtlanteDesign\",\"url\":\"https:\\\/\\\/atlante.design\\\/es\\\/author\\\/adminatlantedesign\\\/\"}]}<\/script>\n<!-- \/ Yoast SEO plugin. -->","yoast_head_json":{"title":"April 2026 - Milan Design Week\u00a0 - Atlante Design Agency","robots":{"index":"index","follow":"follow","max-snippet":"max-snippet:-1","max-image-preview":"max-image-preview:large","max-video-preview":"max-video-preview:-1"},"canonical":"https:\/\/atlante.design\/es\/april-2026-milan-design-week-2\/","og_locale":"es_ES","og_type":"article","og_title":"April 2026 - Milan Design Week\u00a0 - Atlante Design Agency","og_description":"Milan Design week is approaching.Save the Date and check out the projects of ATLANTE design brands around town! April 20th \u2013 26th 2026 De Marchi Verona On the occasion of Milan Design Week 2026, De Marchi Verona presents in Brera a new chapter in its research on architectural porcelain. A dialogue between history and contemporaneity: [&hellip;]","og_url":"https:\/\/atlante.design\/es\/april-2026-milan-design-week-2\/","og_site_name":"Atlante Design Agency","article_published_time":"2026-04-24T08:23:16+00:00","article_modified_time":"2026-04-24T08:25:44+00:00","og_image":[{"width":1080,"height":1350,"url":"https:\/\/atlante.design\/wp-content\/uploads\/2026\/04\/Map-atlante-design-design-week.jpg","type":"image\/jpeg"}],"author":"AdminAtlanteDesign","twitter_card":"summary_large_image","twitter_misc":{"Escrito por":"AdminAtlanteDesign","Tiempo de lectura":"5 minutos"},"schema":{"@context":"https:\/\/schema.org","@graph":[{"@type":"Article","@id":"https:\/\/atlante.design\/april-2026-milan-design-week-2\/#article","isPartOf":{"@id":"https:\/\/atlante.design\/april-2026-milan-design-week-2\/"},"author":{"name":"AdminAtlanteDesign","@id":"https:\/\/atlante.design\/#\/schema\/person\/091c53ee38bb5e93a49d3606695c1b24"},"headline":"April 2026 &#8211; Milan Design Week\u00a0","datePublished":"2026-04-24T08:23:16+00:00","dateModified":"2026-04-24T08:25:44+00:00","mainEntityOfPage":{"@id":"https:\/\/atlante.design\/april-2026-milan-design-week-2\/"},"wordCount":722,"publisher":{"@id":"https:\/\/atlante.design\/#organization"},"image":{"@id":"https:\/\/atlante.design\/april-2026-milan-design-week-2\/#primaryimage"},"thumbnailUrl":"https:\/\/atlante.design\/wp-content\/uploads\/2026\/04\/Map-atlante-design-design-week.jpg","articleSection":["Blog"],"inLanguage":"es"},{"@type":"WebPage","@id":"https:\/\/atlante.design\/april-2026-milan-design-week-2\/","url":"https:\/\/atlante.design\/april-2026-milan-design-week-2\/","name":"April 2026 - Milan Design Week\u00a0 - Atlante Design Agency","isPartOf":{"@id":"https:\/\/atlante.design\/#website"},"primaryImageOfPage":{"@id":"https:\/\/atlante.design\/april-2026-milan-design-week-2\/#primaryimage"},"image":{"@id":"https:\/\/atlante.design\/april-2026-milan-design-week-2\/#primaryimage"},"thumbnailUrl":"https:\/\/atlante.design\/wp-content\/uploads\/2026\/04\/Map-atlante-design-design-week.jpg","datePublished":"2026-04-24T08:23:16+00:00","dateModified":"2026-04-24T08:25:44+00:00","breadcrumb":{"@id":"https:\/\/atlante.design\/april-2026-milan-design-week-2\/#breadcrumb"},"inLanguage":"es","potentialAction":[{"@type":"ReadAction","target":["https:\/\/atlante.design\/april-2026-milan-design-week-2\/"]}]},{"@type":"ImageObject","inLanguage":"es","@id":"https:\/\/atlante.design\/april-2026-milan-design-week-2\/#primaryimage","url":"https:\/\/atlante.design\/wp-content\/uploads\/2026\/04\/Map-atlante-design-design-week.jpg","contentUrl":"https:\/\/atlante.design\/wp-content\/uploads\/2026\/04\/Map-atlante-design-design-week.jpg","width":1080,"height":1350},{"@type":"BreadcrumbList","@id":"https:\/\/atlante.design\/april-2026-milan-design-week-2\/#breadcrumb","itemListElement":[{"@type":"ListItem","position":1,"name":"Portada","item":"https:\/\/atlante.design\/"},{"@type":"ListItem","position":2,"name":"April 2026 &#8211; Milan Design Week\u00a0"}]},{"@type":"WebSite","@id":"https:\/\/atlante.design\/#website","url":"https:\/\/atlante.design\/","name":"Atlante Design Agency","description":"Global Consulting &amp; Representation for Artists and Designers","publisher":{"@id":"https:\/\/atlante.design\/#organization"},"potentialAction":[{"@type":"SearchAction","target":{"@type":"EntryPoint","urlTemplate":"https:\/\/atlante.design\/?s={search_term_string}"},"query-input":{"@type":"PropertyValueSpecification","valueRequired":true,"valueName":"search_term_string"}}],"inLanguage":"es"},{"@type":"Organization","@id":"https:\/\/atlante.design\/#organization","name":"Atlante Design Agency","url":"https:\/\/atlante.design\/","logo":{"@type":"ImageObject","inLanguage":"es","@id":"https:\/\/atlante.design\/#\/schema\/logo\/image\/","url":"https:\/\/atlante.design\/wp-content\/uploads\/2026\/01\/Nueva-propuesta-logo-Atlante.pdf.pdf.png","contentUrl":"https:\/\/atlante.design\/wp-content\/uploads\/2026\/01\/Nueva-propuesta-logo-Atlante.pdf.pdf.png","width":1740,"height":856,"caption":"Atlante Design Agency"},"image":{"@id":"https:\/\/atlante.design\/#\/schema\/logo\/image\/"}},{"@type":"Person","@id":"https:\/\/atlante.design\/#\/schema\/person\/091c53ee38bb5e93a49d3606695c1b24","name":"AdminAtlanteDesign","url":"https:\/\/atlante.design\/es\/author\/adminatlantedesign\/"}]}},"_links":{"self":[{"href":"https:\/\/atlante.design\/es\/wp-json\/wp\/v2\/posts\/2511","targetHints":{"allow":["GET"]}}],"collection":[{"href":"https:\/\/atlante.design\/es\/wp-json\/wp\/v2\/posts"}],"about":[{"href":"https:\/\/atlante.design\/es\/wp-json\/wp\/v2\/types\/post"}],"author":[{"embeddable":true,"href":"https:\/\/atlante.design\/es\/wp-json\/wp\/v2\/users\/2"}],"replies":[{"embeddable":true,"href":"https:\/\/atlante.design\/es\/wp-json\/wp\/v2\/comments?post=2511"}],"version-history":[{"count":3,"href":"https:\/\/atlante.design\/es\/wp-json\/wp\/v2\/posts\/2511\/revisions"}],"predecessor-version":[{"id":2514,"href":"https:\/\/atlante.design\/es\/wp-json\/wp\/v2\/posts\/2511\/revisions\/2514"}],"wp:featuredmedia":[{"embeddable":true,"href":"https:\/\/atlante.design\/es\/wp-json\/wp\/v2\/media\/2448"}],"wp:attachment":[{"href":"https:\/\/atlante.design\/es\/wp-json\/wp\/v2\/media?parent=2511"}],"wp:term":[{"taxonomy":"category","embeddable":true,"href":"https:\/\/atlante.design\/es\/wp-json\/wp\/v2\/categories?post=2511"},{"taxonomy":"post_tag","embeddable":true,"href":"https:\/\/atlante.design\/es\/wp-json\/wp\/v2\/tags?post=2511"}],"curies":[{"name":"wp","href":"https:\/\/api.w.org\/{rel}","templated":true}]}}